{"id":3094,"date":"2026-04-28T19:13:15","date_gmt":"2026-04-28T19:13:15","guid":{"rendered":"https:\/\/linkam.com\/sin-categorizar\/honoring-work-dignity-and-opportunity-international-workers-day\/"},"modified":"2026-04-28T19:18:29","modified_gmt":"2026-04-28T19:18:29","slug":"honoring-work-dignity-and-opportunity-international-workers-day","status":"publish","type":"post","link":"https:\/\/linkam.com\/es\/nuestro-equipo\/honoring-work-dignity-and-opportunity-international-workers-day\/","title":{"rendered":"Honrando el trabajo, la dignidad y la oportunidad: D\u00eda Internacional del Trabajador"},"content":{"rendered":"\t\t<div data-elementor-type=\"wp-post\" data-elementor-id=\"3094\" class=\"elementor elementor-3094 elementor-3077\" data-elementor-settings=\"{&quot;element_pack_global_tooltip_width&quot;:{&quot;unit&quot;:&quot;px&quot;,&quot;size&quot;:&quot;&quot;,&quot;sizes&quot;:[]},&quot;element_pack_global_tooltip_width_tablet&quot;:{&quot;unit&quot;:&quot;px&quot;,&quot;size&quot;:&quot;&quot;,&quot;sizes&quot;:[]},&quot;element_pack_global_tooltip_width_mobile&quot;:{&quot;unit&quot;:&quot;px&quot;,&quot;size&quot;:&quot;&quot;,&quot;sizes&quot;:[]},&quot;element_pack_global_tooltip_padding&quot;:{&quot;unit&quot;:&quot;px&quot;,&quot;top&quot;:&quot;&quot;,&quot;right&quot;:&quot;&quot;,&quot;bottom&quot;:&quot;&quot;,&quot;left&quot;:&quot;&quot;,&quot;isLinked&quot;:true},&quot;element_pack_global_tooltip_padding_tablet&quot;:{&quot;unit&quot;:&quot;px&quot;,&quot;top&quot;:&quot;&quot;,&quot;right&quot;:&quot;&quot;,&quot;bottom&quot;:&quot;&quot;,&quot;left&quot;:&quot;&quot;,&quot;isLinked&quot;:true},&quot;element_pack_global_tooltip_padding_mobile&quot;:{&quot;unit&quot;:&quot;px&quot;,&quot;top&quot;:&quot;&quot;,&quot;right&quot;:&quot;&quot;,&quot;bottom&quot;:&quot;&quot;,&quot;left&quot;:&quot;&quot;,&quot;isLinked&quot;:true},&quot;element_pack_global_tooltip_border_radius&quot;:{&quot;unit&quot;:&quot;px&quot;,&quot;top&quot;:&quot;&quot;,&quot;right&quot;:&quot;&quot;,&quot;bottom&quot;:&quot;&quot;,&quot;left&quot;:&quot;&quot;,&quot;isLinked&quot;:true},&quot;element_pack_global_tooltip_border_radius_tablet&quot;:{&quot;unit&quot;:&quot;px&quot;,&quot;top&quot;:&quot;&quot;,&quot;right&quot;:&quot;&quot;,&quot;bottom&quot;:&quot;&quot;,&quot;left&quot;:&quot;&quot;,&quot;isLinked&quot;:true},&quot;element_pack_global_tooltip_border_radius_mobile&quot;:{&quot;unit&quot;:&quot;px&quot;,&quot;top&quot;:&quot;&quot;,&quot;right&quot;:&quot;&quot;,&quot;bottom&quot;:&quot;&quot;,&quot;left&quot;:&quot;&quot;,&quot;isLinked&quot;:true}}\">\n\t\t\t\t<div class=\"aux-parallax-section elementor-element elementor-element-a24826a e-flex e-con-boxed e-con e-parent\" data-id=\"a24826a\" data-element_type=\"container\">\n\t\t\t\t\t<div class=\"e-con-inner\">\n\t\t<div class=\"elementor-element elementor-element-c4750b4 e-con-full e-flex e-con e-child\" data-id=\"c4750b4\" data-element_type=\"container\">\n\t\t<div class=\"elementor-element elementor-element-c312014 e-con-full e-flex e-con e-child\" data-id=\"c312014\" data-element_type=\"container\">\n\t\t\t\t<div class=\"elementor-element elementor-element-ada134a elementor-widget elementor-widget-text-editor\" data-id=\"ada134a\" data-element_type=\"widget\" data-widget_type=\"text-editor.default\">\n\t\t\t\t<div class=\"elementor-widget-container\">\n\t\t\t\t\t\t\t\t\t<p>Cada 1 de mayo, el mundo se detiene para conmemorar el D\u00eda Internacional del Trabajador, una fecha con profundas ra\u00edces hist\u00f3ricas, marcada por la lucha y que sigue siendo altamente relevante en la actualidad.<\/p>\t\t\t\t\t\t\t\t<\/div>\n\t\t\t\t<\/div>\n\t\t\t\t<div class=\"elementor-element elementor-element-e803f7d elementor-widget elementor-widget-text-editor\" data-id=\"e803f7d\" data-element_type=\"widget\" data-widget_type=\"text-editor.default\">\n\t\t\t\t<div class=\"elementor-widget-container\">\n\t\t\t\t\t\t\t\t\t<h4><span style=\"color: #009fd3;\">Un vistazo a la historia<\/span><\/h4><p>El origen de esta fecha se remonta a finales del siglo XIX, en medio de la revoluci\u00f3n industrial y grandes desigualdades laborales. En 1886, miles de trabajadores en Estados Unidos se movilizaron exigiendo una jornada laboral de ocho horas. Estas protestas culminaron en los sucesos de Haymarket en Chicago, un momento clave que visibiliz\u00f3 a nivel global la necesidad de condiciones laborales m\u00e1s justas.<\/p><p>Desde entonces, el 1 de mayo se ha convertido en un s\u00edmbolo de solidaridad, progreso y la b\u00fasqueda constante de dignidad en el trabajo.<\/p>\t\t\t\t\t\t\t\t<\/div>\n\t\t\t\t<\/div>\n\t\t\t\t<div class=\"elementor-element elementor-element-0d1d323 elementor-widget elementor-widget-image\" data-id=\"0d1d323\" data-element_type=\"widget\" data-widget_type=\"image.default\">\n\t\t\t\t<div class=\"elementor-widget-container\">\n\t\t\t\t\t\t\t\t\t\t\t\t\t\t\t<img fetchpriority=\"high\" decoding=\"async\" width=\"768\" height=\"432\" src=\"https:\/\/linkam.com\/wp-content\/uploads\/2026\/04\/1-1.jpg\" class=\"attachment-full size-full wp-image-3080\" alt=\"\" \/>\t\t\t\t\t\t\t\t\t\t\t\t\t\t\t<\/div>\n\t\t\t\t<\/div>\n\t\t\t\t<div class=\"elementor-element elementor-element-219eb50 elementor-widget elementor-widget-text-editor\" data-id=\"219eb50\" data-element_type=\"widget\" data-widget_type=\"text-editor.default\">\n\t\t\t\t<div class=\"elementor-widget-container\">\n\t\t\t\t\t\t\t\t\t<h4><span style=\"color: #009fd3;\">\u00bfPor qu\u00e9 sigue siendo relevante hoy?<\/span><\/h4><p>Aunque se han logrado importantes avances, la conversaci\u00f3n sobre el trabajo est\u00e1 lejos de terminar. Hoy enfrentamos nuevos desaf\u00edos: el trabajo remoto, la transformaci\u00f3n digital, la globalizaci\u00f3n del talento y nuevas expectativas en torno al bienestar y el prop\u00f3sito.<\/p><p>El D\u00eda del Trabajador nos recuerda que el trabajo no se trata solo de productividad, sino de personas. Se trata de construir entornos donde cada individuo pueda crecer, sentirse valorado y desarrollar una vida con sentido.<\/p>\t\t\t\t\t\t\t\t<\/div>\n\t\t\t\t<\/div>\n\t\t\t\t<div class=\"elementor-element elementor-element-105f4fa elementor-widget elementor-widget-text-editor\" data-id=\"105f4fa\" data-element_type=\"widget\" data-widget_type=\"text-editor.default\">\n\t\t\t\t<div class=\"elementor-widget-container\">\n\t\t\t\t\t\t\t\t\t<h4><span style=\"color: #009fd3;\">Nuestro compromiso: las personas en el centro<\/span><\/h4><p>En el coraz\u00f3n de lo que somos existe una convicci\u00f3n clara: el bienestar de nuestros colaboradores es parte de nuestro ADN.<\/p><p>M\u00e1s all\u00e1 de las palabras, construimos impacto todos los d\u00edas fomentando un entorno de trabajo que eleva a nuestra gente y mejora su calidad de vida. A trav\u00e9s de oportunidades de crecimiento, una cultura de apoyo y proyectos significativos, trabajamos juntos para que cada colaborador se sienta reconocido y empoderado.<\/p><p>Porque nuestro mayor impacto no es solo lo que entregamos a nuestros clientes, sino las vidas que transformamos en el camino.<\/p>\t\t\t\t\t\t\t\t<\/div>\n\t\t\t\t<\/div>\n\t\t\t\t<div class=\"elementor-element elementor-element-0f3550e elementor-widget elementor-widget-image\" data-id=\"0f3550e\" data-element_type=\"widget\" data-widget_type=\"image.default\">\n\t\t\t\t<div class=\"elementor-widget-container\">\n\t\t\t\t\t\t\t\t\t\t\t\t\t\t\t<img decoding=\"async\" width=\"768\" height=\"432\" src=\"https:\/\/linkam.com\/wp-content\/uploads\/2026\/04\/2-1.jpg\" class=\"attachment-full size-full wp-image-3082\" alt=\"\" \/>\t\t\t\t\t\t\t\t\t\t\t\t\t\t\t<\/div>\n\t\t\t\t<\/div>\n\t\t\t\t<div class=\"elementor-element elementor-element-890328e elementor-widget elementor-widget-text-editor\" data-id=\"890328e\" data-element_type=\"widget\" data-widget_type=\"text-editor.default\">\n\t\t\t\t<div class=\"elementor-widget-container\">\n\t\t\t\t\t\t\t\t\t<h4><span style=\"color: #009fd3;\">Conectando talento, creando oportunidades<\/span><\/h4><p>Este compromiso tambi\u00e9n se refleja en nuestra vertical de <strong>Nearshore Labor Services<\/strong>, donde conectamos talento altamente calificado de Latinoam\u00e9rica con organizaciones y proyectos en Estados Unidos.<\/p><p>A trav\u00e9s de este modelo, ofrecemos profesionales biling\u00fces con alto nivel t\u00e9cnico y afinidad cultural, capaces de integrarse y aportar valor desde el primer d\u00eda. Al mismo tiempo, abrimos puertas para que el talento de la regi\u00f3n acceda a oportunidades globales que impulsen su crecimiento y desarrollo.<\/p><p>Es m\u00e1s que un servicio: es una plataforma para el crecimiento compartido.<\/p><p>Conoce m\u00e1s sobre nuestros servicios de Nearshore Labor Services: <a href=\"https:\/\/linkam.com\/es\/servicios-laborales-nearshore-sln\/\" target=\"_blank\" rel=\"noopener\">https:\/\/linkam.com\/es\/servicios-laborales-nearshore-sln\/<\/a><\/p>\t\t\t\t\t\t\t\t<\/div>\n\t\t\t\t<\/div>\n\t\t\t\t<div class=\"elementor-element elementor-element-487618e elementor-widget elementor-widget-image\" data-id=\"487618e\" data-element_type=\"widget\" data-widget_type=\"image.default\">\n\t\t\t\t<div class=\"elementor-widget-container\">\n\t\t\t\t\t\t\t\t\t\t\t\t\t\t\t<img decoding=\"async\" width=\"768\" height=\"432\" src=\"https:\/\/linkam.com\/wp-content\/uploads\/2026\/04\/3.jpg\" class=\"attachment-full size-full wp-image-3084\" alt=\"\" \/>\t\t\t\t\t\t\t\t\t\t\t\t\t\t\t<\/div>\n\t\t\t\t<\/div>\n\t\t\t\t<div class=\"elementor-element elementor-element-9f7faef elementor-widget elementor-widget-text-editor\" data-id=\"9f7faef\" data-element_type=\"widget\" data-widget_type=\"text-editor.default\">\n\t\t\t\t<div class=\"elementor-widget-container\">\n\t\t\t\t\t\t\t\t\t<h4><span style=\"color: #009fd3;\">Celebrar hoy, construir el ma\u00f1ana<\/span><\/h4><p>En este D\u00eda Internacional del Trabajador, honramos el legado de quienes lucharon por condiciones laborales m\u00e1s justas y renovamos nuestro compromiso de construir un futuro donde la oportunidad, la dignidad y el bienestar sean est\u00e1ndares para todos.<\/p><p>Porque cuando las personas prosperan, las organizaciones crecen\u2026 y juntos generamos un impacto que realmente importa.<\/p>\t\t\t\t\t\t\t\t<\/div>\n\t\t\t\t<\/div>\n\t\t\t\t<\/div>\n\t\t\t\t<\/div>\n\t\t\t\t\t<\/div>\n\t\t\t\t<\/div>\n\t\t\t\t<\/div>\n\t\t","protected":false},"excerpt":{"rendered":"<p>Cada 1 de mayo, el mundo se detiene para conmemorar el D\u00eda Internacional del Trabajador, una fecha con profundas ra\u00edces hist\u00f3ricas, marcada por la lucha y que sigue siendo altamente relevante en la actualidad. Un vistazo a la historia El origen de esta fecha se remonta a finales del siglo XIX, en medio de la [&hellip;]<\/p>\n","protected":false},"author":1,"featured_media":3087,"comment_status":"closed","ping_status":"closed","sticky":false,"template":"","format":"standard","meta":{"footnotes":""},"categories":[27],"tags":[],"class_list":["post-3094","post","type-post","status-publish","format-standard","has-post-thumbnail","hentry","category-our-people"],"_links":{"self":[{"href":"https:\/\/linkam.com\/es\/wp-json\/wp\/v2\/posts\/3094","targetHints":{"allow":["GET"]}}],"collection":[{"href":"https:\/\/linkam.com\/es\/wp-json\/wp\/v2\/posts"}],"about":[{"href":"https:\/\/linkam.com\/es\/wp-json\/wp\/v2\/types\/post"}],"author":[{"embeddable":true,"href":"https:\/\/linkam.com\/es\/wp-json\/wp\/v2\/users\/1"}],"replies":[{"embeddable":true,"href":"https:\/\/linkam.com\/es\/wp-json\/wp\/v2\/comments?post=3094"}],"version-history":[{"count":4,"href":"https:\/\/linkam.com\/es\/wp-json\/wp\/v2\/posts\/3094\/revisions"}],"predecessor-version":[{"id":3098,"href":"https:\/\/linkam.com\/es\/wp-json\/wp\/v2\/posts\/3094\/revisions\/3098"}],"wp:featuredmedia":[{"embeddable":true,"href":"https:\/\/linkam.com\/es\/wp-json\/wp\/v2\/media\/3087"}],"wp:attachment":[{"href":"https:\/\/linkam.com\/es\/wp-json\/wp\/v2\/media?parent=3094"}],"wp:term":[{"taxonomy":"category","embeddable":true,"href":"https:\/\/linkam.com\/es\/wp-json\/wp\/v2\/categories?post=3094"},{"taxonomy":"post_tag","embeddable":true,"href":"https:\/\/linkam.com\/es\/wp-json\/wp\/v2\/tags?post=3094"}],"curies":[{"name":"wp","href":"https:\/\/api.w.org\/{rel}","templated":true}]}}